{"id":993,"date":"2019-03-18T12:52:45","date_gmt":"2019-03-18T10:52:45","guid":{"rendered":"https:\/\/start.luma.fi\/sv\/?p=993"},"modified":"2019-03-18T12:52:45","modified_gmt":"2019-03-18T10:52:45","slug":"start-publikomrostning-18-3-7-4","status":"publish","type":"post","link":"https:\/\/start.luma.fi\/sv\/2019\/03\/18\/start-publikomrostning-18-3-7-4\/","title":{"rendered":"StarT-publikomr\u00f6stning 18.3. &#8211; 7.4."},"content":{"rendered":"\n<p><i><span style=\"font-weight: 400;\">LUMA-center Finland bjuder in alla att delta i StarTs publikomr\u00f6stning f\u00f6r s\u00e4songen 2018-2019. P\u00e5 StarTs YouTube-kanal har videor om StarT-projekt och deras goda praxis publicerats. Bekanta dig med kanalen, bli inspirerad och l\u00e4r dig!<\/span><\/i><\/p>\n\n\n\n<p>\u00c5r 2016 aktiverade <a href=\"https:\/\/www.luma.fi\/sv\/\">n\u00e4tverket LUMA-center Finland<\/a> StarTs verksamhetsmodell som st\u00f6der en tv\u00e4rvetenskaplig studiehelhet och temastudier enligt den nya l\u00e4roplanen. StarTs m\u00e5lgrupper str\u00e4cker sig fr\u00e5n sm\u00e5barnspedagogiken till andra stadiet.<\/p>\n\n\n\n<p>I StarT l\u00e4r vi oss tillsammans i grupper genom att genomf\u00f6ra tv\u00e4rvetenskapliga och fenomenbaserade projekt. Huvudm\u00e5let \u00e4r att \u00f6ka intresset f\u00f6r matematik, naturvetenskap och teknologi hos barn och unga.<\/p>\n\n\n\n<p>StarTs l\u00e5ngsiktiga m\u00e5l \u00e4r att etablera verksamhetsmodellen och bli en del av skolors och andra inl\u00e4rningsomgivningars \u00e5rliga verksamhet. Under s\u00e4songen 2018-2019 tog <strong>n\u00e4stan 600 inl\u00e4rningsgrupper fr\u00e5n totalt 30 olika l\u00e4nder<\/strong> del av StarTs nationella och internationella verksamhet d\u00e4r stj\u00e4rnteam best\u00e5ende av barn och unga delade med sig av gl\u00e4djen av inl\u00e4rning.<\/p>\n\n\n\n<p>Videor om projekten och deras utf\u00f6rande gjorda av b\u00e5de nationella och internationella inl\u00e4rningsgrupper har publicerats p\u00e5 <a href=\"https:\/\/www.youtube.com\/channel\/UCuq9t3dLxgHNDD3-8bR4i0Q\/playlists\">StarTs YouTube-kanal<\/a>. Via kanalen sprids inl\u00e4rningens gl\u00e4dje och iver!<\/p>\n\n\n\n<p><strong>Den nationella och internationella publikomr\u00f6stningens m\u00e5l \u00e4r f\u00f6rutom att sprida gl\u00e4dje och id\u00e9er \u00e4ven att g\u00f6ra det m\u00f6jligt f\u00f6r alla att delta.<\/strong> Genom att gilla videor ger du din r\u00f6st till projektteamet som skapat videon. R\u00f6stningstiden g\u00e4ller fram till 7.4. <br><\/p>\n\n\n\n<blockquote class=\"wp-block-quote is-layout-flow wp-block-quote-is-layout-flow\"><p>   <br> R\u00f6sta p\u00e5 din favorit och bli inspirerad!<br><\/p><\/blockquote>\n\n\n\n<p>Genom att r\u00f6sta p\u00e5verkar du resultatet eftersom antalet gillningar tas i beaktande i valet av StarT-s\u00e4songens mest meriterade projekt och anv\u00e4ndande av god praxis. Dessutom bel\u00f6nas det bidraget med flest gillningar med publikens favorit -titeln under <a href=\"https:\/\/start.luma.fi\/sv\/start-gala\/\">StarT-galan<\/a>. Galan \u00e4r StarT-verksamhetens b\u00e5de nationella och internationella h\u00f6jdpunkt. Detta \u00e5r ordnas den 6.6.2019 i Jyv\u00e4skyl\u00e4 som en del av LUMA-dagarna.<br><\/p>\n\n\n\n<h4 class=\"wp-block-heading\"><strong>R\u00d6STA P\u00c5 DIN FAVORIT:<\/strong><\/h4>\n\n\n\n<ul class=\"wp-block-list\"><li> GOD PRAXIS: <ul><li><a href=\"https:\/\/www.youtube.com\/playlist?list=PLFAM98ZMjI10a_o26HaFgIkZ7pLcs_kMN\"><strong>International best practices <\/strong><\/a> <\/li><li><strong><a href=\"https:\/\/www.youtube.com\/playlist?list=PLFAM98ZMjI12nb_ur3jE3zLIw3iNJ22JL\">God praxis, nationella<\/a> <\/strong>(p\u00e5 finska) <\/li><\/ul><\/li><li>PROJEKT: <ul><li><strong><a href=\"https:\/\/www.youtube.com\/playlist?list=PLFAM98ZMjI11GHQTFkw5c-CrOC3xi5sc6\"><strong>International projects<\/strong><\/a><\/strong> <\/li><li><strong><a href=\"https:\/\/www.youtube.com\/playlist?list=PLFAM98ZMjI106-g7ig3ChmodPNVQ5S0bi\">Nationella projekt<\/a> <\/strong>(p\u00e5 finska)  <\/li><\/ul><\/li><\/ul>\n\n\n","protected":false},"excerpt":{"rendered":"<p>LUMA-center Finland bjuder in alla att delta i StarTs publikomr\u00f6stning f\u00f6r s\u00e4songen 2018-2019. [&hellip;]<\/p>\n","protected":false},"author":2,"featured_media":994,"comment_status":"closed","ping_status":"closed","sticky":false,"template":"","format":"standard","meta":{"footnotes":""},"categories":[1],"tags":[],"class_list":["post-993","post","type-post","status-publish","format-standard","has-post-thumbnail","hentry","category-uncategorized"],"_links":{"self":[{"href":"https:\/\/start.luma.fi\/sv\/wp-json\/wp\/v2\/posts\/993","targetHints":{"allow":["GET"]}}],"collection":[{"href":"https:\/\/start.luma.fi\/sv\/wp-json\/wp\/v2\/posts"}],"about":[{"href":"https:\/\/start.luma.fi\/sv\/wp-json\/wp\/v2\/types\/post"}],"author":[{"embeddable":true,"href":"https:\/\/start.luma.fi\/sv\/wp-json\/wp\/v2\/users\/2"}],"replies":[{"embeddable":true,"href":"https:\/\/start.luma.fi\/sv\/wp-json\/wp\/v2\/comments?post=993"}],"version-history":[{"count":0,"href":"https:\/\/start.luma.fi\/sv\/wp-json\/wp\/v2\/posts\/993\/revisions"}],"wp:featuredmedia":[{"embeddable":true,"href":"https:\/\/start.luma.fi\/sv\/wp-json\/wp\/v2\/media\/994"}],"wp:attachment":[{"href":"https:\/\/start.luma.fi\/sv\/wp-json\/wp\/v2\/media?parent=993"}],"wp:term":[{"taxonomy":"category","embeddable":true,"href":"https:\/\/start.luma.fi\/sv\/wp-json\/wp\/v2\/categories?post=993"},{"taxonomy":"post_tag","embeddable":true,"href":"https:\/\/start.luma.fi\/sv\/wp-json\/wp\/v2\/tags?post=993"}],"curies":[{"name":"wp","href":"https:\/\/api.w.org\/{rel}","templated":true}]}}